{"id":1374,"date":"2015-11-03T10:11:26","date_gmt":"2015-11-03T10:11:26","guid":{"rendered":"http:\/\/julianaradeff.com\/?p=1374"},"modified":"2024-10-19T14:30:14","modified_gmt":"2024-10-19T12:30:14","slug":"all-you-need-is-blog","status":"publish","type":"post","link":"https:\/\/julianaradeff.com\/en\/all-you-need-is-blog\/","title":{"rendered":"All you need is&#8230; BLOG"},"content":{"rendered":"<p>Eso dec\u00edan los Beatles&#8230; \u00bfverdad?<\/p>\n<p>Ah! \u00bf&#8230;Qu\u00e9 no era as\u00ed? \ud83d\ude42<\/p>\n<p>Bromas aparte, parece que esto de tener un blog es lo que se lleva. Si no tienes un blog.. no existes! Es como las redes sociales: &#8220;Hay que estar&#8221;.<\/p>\n<p>En mi caso, no es cuesti\u00f3n de modas. Hace tiempo que quiero tener un blog. Aprovechar este espacio virtual para\u00a0hablar de\u00a0mi trabajo, mi profesi\u00f3n, mi d\u00eda a d\u00eda. Sentarme a escribir y dejar que las ideas\u00a0fluyan.<\/p>\n<p>Ahora tengo la excusa perfecta: ESTRENO MI NUEVA WEB. \u00a1Qu\u00e9 mejor oportunidad para empezar&#8230;!!!!<\/p>\n<h4><\/h4>\n<p>&nbsp;<\/p>\n<h4><span style=\"color: #e52429;\"><strong>No todo es un jard\u00edn de rosas<\/strong><\/span><\/h4>\n<p>Y aqu\u00ed estoy, escribiendo este post. Otra vez la famosa p\u00e1gina en blanco (que ya hace rato que pas\u00f3 a ser &#8220;pantalla&#8221; en blanco). Como dise\u00f1adora estoy bastante acostumbrada a esta vieja amiga conocida&#8230; pero como blogger, es otra historia. \u00bfQu\u00e9 escribo? \u00bfC\u00f3mo lo digo?<\/p>\n<p>Hmmm&#8230; Tal vez lo mejor es dejar de lado las inseguridades y los miedos de principiante. \u00a1A ponerle ilusi\u00f3n y ganas, que eso sobra!<\/p>\n<h4><\/h4>\n<h4><\/h4>\n<h4><\/h4>\n<h4><span style=\"color: #e52429;\"><strong>Un poquito de historia<\/strong><\/span><\/h4>\n<p>Para los que a\u00fan no me conocen, llevo muuuchos a\u00f1os\u00a0trabajando como Dise\u00f1adora Gr\u00e1fica (m\u00e1s de 15, seguro). Hace m\u00e1s de una d\u00e9cada que me vine desde mi Rosario natal a probar la aventura a Barcelona. Y desde entonces aqu\u00ed sigo, en mi nuevo rinc\u00f3n en el mundo.<\/p>\n<p>Casi toda mi carrera profesional la hice bajo el ala de alguna empresa, lo cual me dio mucha &#8220;calle&#8221; y experiencia. Las circunstancias\u00a0me fueron guiando hacia el emprendimiento, y ya llevo 3 a\u00f1os haciendo lo que m\u00e1s me gusta, con la suerte de poder hacerlo por mi cuenta. No puedo quejarme&#8230; soy s\u00faper afortunada!<\/p>\n<h4><\/h4>\n<h4><\/h4>\n<p>&nbsp;<\/p>\n<h4><span style=\"color: #e52429;\"><strong>Vamos cerrando&#8230;<\/strong><\/span><\/h4>\n<p>Por ahora no hay mucho m\u00e1s que contar. Esto es s\u00f3lo el comienzo.<\/p>\n<p>Usar\u00e9\u00a0este espacio para poder dar <strong><em>mi visi\u00f3n<\/em><\/strong>, contar un poco de m\u00ed y de mi trabajo, compartir algunos consejos y\u00a0aportar informaci\u00f3n valiosa a mis clientes.<\/p>\n<p>Entretener, compartir y educar&#8230; \u00bfMe acompa\u00f1as?<\/p>\n","protected":false},"excerpt":{"rendered":"<p>Eso dec\u00edan los Beatles&#8230; \u00bfverdad? Ah! \u00bf&#8230;Qu\u00e9 no era as\u00ed? \ud83d\ude42 Bromas aparte, parece que esto de tener un blog es lo que se lleva&#8230;.<\/p>\n","protected":false},"author":1,"featured_media":1256,"comment_status":"closed","ping_status":"open","sticky":false,"template":"","format":"image","meta":{"om_disable_all_campaigns":false,"_monsterinsights_skip_tracking":false,"_monsterinsights_sitenote_active":false,"_monsterinsights_sitenote_note":"","_monsterinsights_sitenote_category":0,"_uf_show_specific_survey":0,"_uf_disable_surveys":false,"footnotes":""},"categories":[125,108,109],"tags":[127,128,129,130,131],"class_list":["post-1374","post","type-post","status-publish","format-image","has-post-thumbnail","hentry","category-branding-en","category-communication","category-graphic-design-en","tag-branding-en-2","tag-color-en","tag-identidad-corporativa-en","tag-marca-en","tag-tipografia-en","post_format-post-format-image"],"aioseo_notices":[],"yoast_head":"<!-- This site is optimized with the Yoast SEO plugin v26.9 - https:\/\/yoast.com\/product\/yoast-seo-wordpress\/ -->\n<title>Juliana Radeff . Mi blog de Dise\u00f1o Gr\u00e1fico<\/title>\n<meta name=\"description\" content=\"Mi Blog: In this section you will find news about design, tips, techniques and experiences from my day to day.\" \/>\n<meta name=\"robots\" content=\"index, follow, max-snippet:-1, max-image-preview:large, max-video-preview:-1\" \/>\n<link rel=\"canonical\" href=\"https:\/\/julianaradeff.com\/en\/all-you-need-is-blog\/\" \/>\n<meta property=\"og:locale\" content=\"en_US\" \/>\n<meta property=\"og:type\" content=\"article\" \/>\n<meta property=\"og:title\" content=\"Juliana Radeff . Mi blog de Dise\u00f1o Gr\u00e1fico\" \/>\n<meta property=\"og:description\" content=\"Mi Blog: In this section you will find news about design, tips, techniques and experiences from my day to day.\" \/>\n<meta property=\"og:url\" content=\"https:\/\/julianaradeff.com\/en\/all-you-need-is-blog\/\" \/>\n<meta property=\"og:site_name\" content=\"Presentation Design Juliana Radeff\" \/>\n<meta property=\"article:publisher\" content=\"https:\/\/www.linkedin.com\/in\/julianaradeff\/\" \/>\n<meta property=\"article:published_time\" content=\"2015-11-03T10:11:26+00:00\" \/>\n<meta property=\"article:modified_time\" content=\"2024-10-19T12:30:14+00:00\" \/>\n<meta property=\"og:image\" content=\"https:\/\/julianaradeff.com\/wp-content\/uploads\/2015\/07\/foto_post_1.jpg\" \/>\n\t<meta property=\"og:image:width\" content=\"900\" \/>\n\t<meta property=\"og:image:height\" content=\"600\" \/>\n\t<meta property=\"og:image:type\" content=\"image\/jpeg\" \/>\n<meta name=\"author\" content=\"Juliana\" \/>\n<meta name=\"twitter:card\" content=\"summary_large_image\" \/>\n<meta name=\"twitter:label1\" content=\"Written by\" \/>\n\t<meta name=\"twitter:data1\" content=\"Juliana\" \/>\n\t<meta name=\"twitter:label2\" content=\"Est. reading time\" \/>\n\t<meta name=\"twitter:data2\" content=\"2 minutes\" \/>\n<script type=\"application\/ld+json\" class=\"yoast-schema-graph\">{\"@context\":\"https:\/\/schema.org\",\"@graph\":[{\"@type\":\"Article\",\"@id\":\"https:\/\/julianaradeff.com\/en\/all-you-need-is-blog\/#article\",\"isPartOf\":{\"@id\":\"https:\/\/julianaradeff.com\/en\/all-you-need-is-blog\/\"},\"author\":{\"name\":\"Juliana\",\"@id\":\"https:\/\/julianaradeff.com\/#\/schema\/person\/c7bb61f77f8eec451309fe21889d51dc\"},\"headline\":\"All you need is&#8230; BLOG\",\"datePublished\":\"2015-11-03T10:11:26+00:00\",\"dateModified\":\"2024-10-19T12:30:14+00:00\",\"mainEntityOfPage\":{\"@id\":\"https:\/\/julianaradeff.com\/en\/all-you-need-is-blog\/\"},\"wordCount\":354,\"publisher\":{\"@id\":\"https:\/\/julianaradeff.com\/#organization\"},\"image\":{\"@id\":\"https:\/\/julianaradeff.com\/en\/all-you-need-is-blog\/#primaryimage\"},\"thumbnailUrl\":\"https:\/\/julianaradeff.com\/wp-content\/uploads\/2015\/07\/foto_post_1.jpg\",\"keywords\":[\"branding\",\"color\",\"identidad corporativa\",\"marca\",\"tipograf\u00eda\"],\"articleSection\":[\"Branding\",\"Communication\",\"Graphic Design\"],\"inLanguage\":\"en-US\"},{\"@type\":\"WebPage\",\"@id\":\"https:\/\/julianaradeff.com\/en\/all-you-need-is-blog\/\",\"url\":\"https:\/\/julianaradeff.com\/en\/all-you-need-is-blog\/\",\"name\":\"Juliana Radeff . Mi blog de Dise\u00f1o Gr\u00e1fico\",\"isPartOf\":{\"@id\":\"https:\/\/julianaradeff.com\/#website\"},\"primaryImageOfPage\":{\"@id\":\"https:\/\/julianaradeff.com\/en\/all-you-need-is-blog\/#primaryimage\"},\"image\":{\"@id\":\"https:\/\/julianaradeff.com\/en\/all-you-need-is-blog\/#primaryimage\"},\"thumbnailUrl\":\"https:\/\/julianaradeff.com\/wp-content\/uploads\/2015\/07\/foto_post_1.jpg\",\"datePublished\":\"2015-11-03T10:11:26+00:00\",\"dateModified\":\"2024-10-19T12:30:14+00:00\",\"description\":\"Mi Blog: In this section you will find news about design, tips, techniques and experiences from my day to day.\",\"breadcrumb\":{\"@id\":\"https:\/\/julianaradeff.com\/en\/all-you-need-is-blog\/#breadcrumb\"},\"inLanguage\":\"en-US\",\"potentialAction\":[{\"@type\":\"ReadAction\",\"target\":[\"https:\/\/julianaradeff.com\/en\/all-you-need-is-blog\/\"]}]},{\"@type\":\"ImageObject\",\"inLanguage\":\"en-US\",\"@id\":\"https:\/\/julianaradeff.com\/en\/all-you-need-is-blog\/#primaryimage\",\"url\":\"https:\/\/julianaradeff.com\/wp-content\/uploads\/2015\/07\/foto_post_1.jpg\",\"contentUrl\":\"https:\/\/julianaradeff.com\/wp-content\/uploads\/2015\/07\/foto_post_1.jpg\",\"width\":900,\"height\":600,\"caption\":\"all you need is blog\"},{\"@type\":\"BreadcrumbList\",\"@id\":\"https:\/\/julianaradeff.com\/en\/all-you-need-is-blog\/#breadcrumb\",\"itemListElement\":[{\"@type\":\"ListItem\",\"position\":1,\"name\":\"Portada\",\"item\":\"https:\/\/julianaradeff.com\/en\/\"},{\"@type\":\"ListItem\",\"position\":2,\"name\":\"All you need is&#8230; BLOG\"}]},{\"@type\":\"WebSite\",\"@id\":\"https:\/\/julianaradeff.com\/#website\",\"url\":\"https:\/\/julianaradeff.com\/\",\"name\":\"Presentation Design Juliana Radeff\",\"description\":\"Presentation Designer\",\"publisher\":{\"@id\":\"https:\/\/julianaradeff.com\/#organization\"},\"alternateName\":\"Juliana Radeff Presentation Designer\",\"potentialAction\":[{\"@type\":\"SearchAction\",\"target\":{\"@type\":\"EntryPoint\",\"urlTemplate\":\"https:\/\/julianaradeff.com\/?s={search_term_string}\"},\"query-input\":{\"@type\":\"PropertyValueSpecification\",\"valueRequired\":true,\"valueName\":\"search_term_string\"}}],\"inLanguage\":\"en-US\"},{\"@type\":\"Organization\",\"@id\":\"https:\/\/julianaradeff.com\/#organization\",\"name\":\"Juliana Radeff . Creative Design\",\"url\":\"https:\/\/julianaradeff.com\/\",\"logo\":{\"@type\":\"ImageObject\",\"inLanguage\":\"en-US\",\"@id\":\"https:\/\/julianaradeff.com\/#\/schema\/logo\/image\/\",\"url\":\"https:\/\/julianaradeff.com\/wp-content\/uploads\/2023\/11\/video_presentationDesign.jpg\",\"contentUrl\":\"https:\/\/julianaradeff.com\/wp-content\/uploads\/2023\/11\/video_presentationDesign.jpg\",\"width\":2302,\"height\":1422,\"caption\":\"Juliana Radeff . Creative Design\"},\"image\":{\"@id\":\"https:\/\/julianaradeff.com\/#\/schema\/logo\/image\/\"},\"sameAs\":[\"https:\/\/www.linkedin.com\/in\/julianaradeff\/\"]},{\"@type\":\"Person\",\"@id\":\"https:\/\/julianaradeff.com\/#\/schema\/person\/c7bb61f77f8eec451309fe21889d51dc\",\"name\":\"Juliana\",\"image\":{\"@type\":\"ImageObject\",\"inLanguage\":\"en-US\",\"@id\":\"https:\/\/julianaradeff.com\/#\/schema\/person\/image\/\",\"url\":\"https:\/\/secure.gravatar.com\/avatar\/92fa2acd15a8d14d0eb7e97f228107824e04f80c11272482e57df334159db735?s=96&d=mm&r=g\",\"contentUrl\":\"https:\/\/secure.gravatar.com\/avatar\/92fa2acd15a8d14d0eb7e97f228107824e04f80c11272482e57df334159db735?s=96&d=mm&r=g\",\"caption\":\"Juliana\"},\"description\":\"\u2728 Dise\u00f1adora Gr\u00e1fica especialista en Presentaciones Digitales (PowerPoint \/ InDesign) Me especializo en la creaci\u00f3n de presentaciones digitales memorables, elegantes y atractivas que inspiran y comunican efectivamente el mensaje.\",\"sameAs\":[\"http:\/\/www.julianaradeff.com\"]}]}<\/script>\n<!-- \/ Yoast SEO plugin. -->","yoast_head_json":{"title":"Juliana Radeff . Mi blog de Dise\u00f1o Gr\u00e1fico","description":"Mi Blog: In this section you will find news about design, tips, techniques and experiences from my day to day.","robots":{"index":"index","follow":"follow","max-snippet":"max-snippet:-1","max-image-preview":"max-image-preview:large","max-video-preview":"max-video-preview:-1"},"canonical":"https:\/\/julianaradeff.com\/en\/all-you-need-is-blog\/","og_locale":"en_US","og_type":"article","og_title":"Juliana Radeff . Mi blog de Dise\u00f1o Gr\u00e1fico","og_description":"Mi Blog: In this section you will find news about design, tips, techniques and experiences from my day to day.","og_url":"https:\/\/julianaradeff.com\/en\/all-you-need-is-blog\/","og_site_name":"Presentation Design Juliana Radeff","article_publisher":"https:\/\/www.linkedin.com\/in\/julianaradeff\/","article_published_time":"2015-11-03T10:11:26+00:00","article_modified_time":"2024-10-19T12:30:14+00:00","og_image":[{"width":900,"height":600,"url":"https:\/\/julianaradeff.com\/wp-content\/uploads\/2015\/07\/foto_post_1.jpg","type":"image\/jpeg"}],"author":"Juliana","twitter_card":"summary_large_image","twitter_misc":{"Written by":"Juliana","Est. reading time":"2 minutes"},"schema":{"@context":"https:\/\/schema.org","@graph":[{"@type":"Article","@id":"https:\/\/julianaradeff.com\/en\/all-you-need-is-blog\/#article","isPartOf":{"@id":"https:\/\/julianaradeff.com\/en\/all-you-need-is-blog\/"},"author":{"name":"Juliana","@id":"https:\/\/julianaradeff.com\/#\/schema\/person\/c7bb61f77f8eec451309fe21889d51dc"},"headline":"All you need is&#8230; BLOG","datePublished":"2015-11-03T10:11:26+00:00","dateModified":"2024-10-19T12:30:14+00:00","mainEntityOfPage":{"@id":"https:\/\/julianaradeff.com\/en\/all-you-need-is-blog\/"},"wordCount":354,"publisher":{"@id":"https:\/\/julianaradeff.com\/#organization"},"image":{"@id":"https:\/\/julianaradeff.com\/en\/all-you-need-is-blog\/#primaryimage"},"thumbnailUrl":"https:\/\/julianaradeff.com\/wp-content\/uploads\/2015\/07\/foto_post_1.jpg","keywords":["branding","color","identidad corporativa","marca","tipograf\u00eda"],"articleSection":["Branding","Communication","Graphic Design"],"inLanguage":"en-US"},{"@type":"WebPage","@id":"https:\/\/julianaradeff.com\/en\/all-you-need-is-blog\/","url":"https:\/\/julianaradeff.com\/en\/all-you-need-is-blog\/","name":"Juliana Radeff . Mi blog de Dise\u00f1o Gr\u00e1fico","isPartOf":{"@id":"https:\/\/julianaradeff.com\/#website"},"primaryImageOfPage":{"@id":"https:\/\/julianaradeff.com\/en\/all-you-need-is-blog\/#primaryimage"},"image":{"@id":"https:\/\/julianaradeff.com\/en\/all-you-need-is-blog\/#primaryimage"},"thumbnailUrl":"https:\/\/julianaradeff.com\/wp-content\/uploads\/2015\/07\/foto_post_1.jpg","datePublished":"2015-11-03T10:11:26+00:00","dateModified":"2024-10-19T12:30:14+00:00","description":"Mi Blog: In this section you will find news about design, tips, techniques and experiences from my day to day.","breadcrumb":{"@id":"https:\/\/julianaradeff.com\/en\/all-you-need-is-blog\/#breadcrumb"},"inLanguage":"en-US","potentialAction":[{"@type":"ReadAction","target":["https:\/\/julianaradeff.com\/en\/all-you-need-is-blog\/"]}]},{"@type":"ImageObject","inLanguage":"en-US","@id":"https:\/\/julianaradeff.com\/en\/all-you-need-is-blog\/#primaryimage","url":"https:\/\/julianaradeff.com\/wp-content\/uploads\/2015\/07\/foto_post_1.jpg","contentUrl":"https:\/\/julianaradeff.com\/wp-content\/uploads\/2015\/07\/foto_post_1.jpg","width":900,"height":600,"caption":"all you need is blog"},{"@type":"BreadcrumbList","@id":"https:\/\/julianaradeff.com\/en\/all-you-need-is-blog\/#breadcrumb","itemListElement":[{"@type":"ListItem","position":1,"name":"Portada","item":"https:\/\/julianaradeff.com\/en\/"},{"@type":"ListItem","position":2,"name":"All you need is&#8230; BLOG"}]},{"@type":"WebSite","@id":"https:\/\/julianaradeff.com\/#website","url":"https:\/\/julianaradeff.com\/","name":"Presentation Design Juliana Radeff","description":"Presentation Designer","publisher":{"@id":"https:\/\/julianaradeff.com\/#organization"},"alternateName":"Juliana Radeff Presentation Designer","potentialAction":[{"@type":"SearchAction","target":{"@type":"EntryPoint","urlTemplate":"https:\/\/julianaradeff.com\/?s={search_term_string}"},"query-input":{"@type":"PropertyValueSpecification","valueRequired":true,"valueName":"search_term_string"}}],"inLanguage":"en-US"},{"@type":"Organization","@id":"https:\/\/julianaradeff.com\/#organization","name":"Juliana Radeff . Creative Design","url":"https:\/\/julianaradeff.com\/","logo":{"@type":"ImageObject","inLanguage":"en-US","@id":"https:\/\/julianaradeff.com\/#\/schema\/logo\/image\/","url":"https:\/\/julianaradeff.com\/wp-content\/uploads\/2023\/11\/video_presentationDesign.jpg","contentUrl":"https:\/\/julianaradeff.com\/wp-content\/uploads\/2023\/11\/video_presentationDesign.jpg","width":2302,"height":1422,"caption":"Juliana Radeff . Creative Design"},"image":{"@id":"https:\/\/julianaradeff.com\/#\/schema\/logo\/image\/"},"sameAs":["https:\/\/www.linkedin.com\/in\/julianaradeff\/"]},{"@type":"Person","@id":"https:\/\/julianaradeff.com\/#\/schema\/person\/c7bb61f77f8eec451309fe21889d51dc","name":"Juliana","image":{"@type":"ImageObject","inLanguage":"en-US","@id":"https:\/\/julianaradeff.com\/#\/schema\/person\/image\/","url":"https:\/\/secure.gravatar.com\/avatar\/92fa2acd15a8d14d0eb7e97f228107824e04f80c11272482e57df334159db735?s=96&d=mm&r=g","contentUrl":"https:\/\/secure.gravatar.com\/avatar\/92fa2acd15a8d14d0eb7e97f228107824e04f80c11272482e57df334159db735?s=96&d=mm&r=g","caption":"Juliana"},"description":"\u2728 Dise\u00f1adora Gr\u00e1fica especialista en Presentaciones Digitales (PowerPoint \/ InDesign) Me especializo en la creaci\u00f3n de presentaciones digitales memorables, elegantes y atractivas que inspiran y comunican efectivamente el mensaje.","sameAs":["http:\/\/www.julianaradeff.com"]}]}},"_links":{"self":[{"href":"https:\/\/julianaradeff.com\/en\/wp-json\/wp\/v2\/posts\/1374","targetHints":{"allow":["GET"]}}],"collection":[{"href":"https:\/\/julianaradeff.com\/en\/wp-json\/wp\/v2\/posts"}],"about":[{"href":"https:\/\/julianaradeff.com\/en\/wp-json\/wp\/v2\/types\/post"}],"author":[{"embeddable":true,"href":"https:\/\/julianaradeff.com\/en\/wp-json\/wp\/v2\/users\/1"}],"replies":[{"embeddable":true,"href":"https:\/\/julianaradeff.com\/en\/wp-json\/wp\/v2\/comments?post=1374"}],"version-history":[{"count":5,"href":"https:\/\/julianaradeff.com\/en\/wp-json\/wp\/v2\/posts\/1374\/revisions"}],"predecessor-version":[{"id":2285,"href":"https:\/\/julianaradeff.com\/en\/wp-json\/wp\/v2\/posts\/1374\/revisions\/2285"}],"wp:featuredmedia":[{"embeddable":true,"href":"https:\/\/julianaradeff.com\/en\/wp-json\/wp\/v2\/media\/1256"}],"wp:attachment":[{"href":"https:\/\/julianaradeff.com\/en\/wp-json\/wp\/v2\/media?parent=1374"}],"wp:term":[{"taxonomy":"category","embeddable":true,"href":"https:\/\/julianaradeff.com\/en\/wp-json\/wp\/v2\/categories?post=1374"},{"taxonomy":"post_tag","embeddable":true,"href":"https:\/\/julianaradeff.com\/en\/wp-json\/wp\/v2\/tags?post=1374"}],"curies":[{"name":"wp","href":"https:\/\/api.w.org\/{rel}","templated":true}]}}